{"id":157,"date":"2024-07-30T18:55:43","date_gmt":"2024-07-30T16:55:43","guid":{"rendered":"https:\/\/misspiruqueta.com\/?p=157"},"modified":"2024-07-31T19:20:30","modified_gmt":"2024-07-31T17:20:30","slug":"dia-mundial-de-la-tarta-de-queso","status":"publish","type":"post","link":"https:\/\/misspiruqueta.com\/index.php\/2024\/07\/30\/dia-mundial-de-la-tarta-de-queso\/","title":{"rendered":"D\u00eda Mundial de la Tarta de Queso"},"content":{"rendered":"\n<p>Celebrando el D\u00eda Mundial de la Tarta de Queso: Un Viaje a Trav\u00e9s de Sabores y Tradiciones<\/p>\n\n\n\n<p>Hoy, 30 de julio, los amantes de la gastronom\u00eda en todo el mundo se unen para celebrar uno de los postres m\u00e1s emblem\u00e1ticos y vers\u00e1tiles: la tarta de queso. En este <strong><em>D\u00eda Mundial de la Tarta de Queso<\/em><\/strong>, rendimos homenaje a esta deliciosa creaci\u00f3n que ha conquistado corazones y paladares en todos los rincones del planeta.<\/p>\n\n\n\n<h2 class=\"wp-block-heading\">Historia y Or\u00edgenes de la Tarta de Queso<\/h2>\n\n\n\n<p>La <strong><em>tarta de queso<\/em><\/strong>, tambi\u00e9n conocida como cheesecake, tiene una historia rica y fascinante. Sus ra\u00edces se remontan a la antigua Grecia, donde se preparaba un pastel de queso y miel para ofrecer a los atletas ol\u00edmpicos. Con el tiempo, la receta viaj\u00f3 a trav\u00e9s del Imperio Romano y lleg\u00f3 a Europa, evolucionando en cada regi\u00f3n para adaptarse a los gustos locales.<\/p>\n\n\n<div class=\"wp-block-image\">\n<figure class=\"alignright size-large is-resized\"><img fetchpriority=\"high\" decoding=\"async\" width=\"1024\" height=\"746\" src=\"https:\/\/misspiruqueta.com\/wp-content\/uploads\/2024\/07\/unnamed-3-1024x746.jpg\" alt=\"\" class=\"wp-image-159\" style=\"width:302px;height:auto\" srcset=\"https:\/\/misspiruqueta.com\/wp-content\/uploads\/2024\/07\/unnamed-3-1024x746.jpg 1024w, https:\/\/misspiruqueta.com\/wp-content\/uploads\/2024\/07\/unnamed-3-300x219.jpg 300w, https:\/\/misspiruqueta.com\/wp-content\/uploads\/2024\/07\/unnamed-3-768x560.jpg 768w, https:\/\/misspiruqueta.com\/wp-content\/uploads\/2024\/07\/unnamed-3-82x60.jpg 82w, https:\/\/misspiruqueta.com\/wp-content\/uploads\/2024\/07\/unnamed-3.jpg 1242w\" sizes=\"(max-width: 1024px) 100vw, 1024px\" \/><\/figure><\/div>\n\n\n<h2 class=\"wp-block-heading\">Variedades Internacionales de la Tarta de Queso<\/h2>\n\n\n\n<p>Hoy en d\u00eda, existen innumerables versiones de la tarta de queso, cada una con su propio toque regional. Entre las m\u00e1s populares se encuentran:<\/p>\n\n\n\n<p>1. <strong>Tarta de Queso Neoyorquina<\/strong>: Famosa por su textura densa y cremosa, hecha con queso crema y horneada a la perfecci\u00f3n.<br>2. <strong>Tarta de Queso Japonesa<\/strong>: Conocida por su ligereza y esponjosidad, casi como una nube de queso.<br>3. <strong>Tarta de Queso al Estilo Basco<\/strong>: Caracterizada por su superficie caramelizada y su interior suave y fundente.<br>4. <strong>Tarta de Queso y Ricotta Italiana<\/strong>: Una variante m\u00e1s ligera hecha con ricotta, popular en el sur de Italia.<\/p>\n\n\n\n<h2 class=\"wp-block-heading\">Recetas Destacadas para Celebrar el D\u00eda Mundial de la Tarta de Queso<\/h2>\n\n\n\n<p>Para aquellos que desean celebrar este d\u00eda en casa, aqu\u00ed presentamos dos recetas irresistibles:<\/p>\n\n\n\n<h3 class=\"wp-block-heading\">Tarta de Queso Cl\u00e1sica:<\/h3>\n\n\n\n<p><br>&#8211; <strong>Ingredientes<\/strong>: queso crema, az\u00facar, huevos, galletas graham, mantequilla, extracto de vainilla.<br>&#8211; <strong>Preparaci\u00f3n:<\/strong> Triturar las galletas y mezclarlas con mantequilla derretida para formar la base. Batir el queso crema con az\u00facar y huevos hasta obtener una mezcla suave. Verter sobre la base y hornear hasta que est\u00e9 firme.<\/p>\n\n\n\n<h3 class=\"wp-block-heading\">Tarta de Queso y Frutas del Bosque:<\/h3>\n\n\n\n<p><br>&#8211; <strong>Ingredientes<\/strong>: queso crema, az\u00facar, huevos, base de galletas, frutas del bosque frescas, gelatina.<br>&#8211; <strong>Preparaci\u00f3n<\/strong>: Preparar una base de galletas similar a la receta cl\u00e1sica. Mezclar el queso crema con az\u00facar y huevos. Hornear y dejar enfriar. Cubrir con una mezcla de frutas del bosque y gelatina para un toque fresco y colorido.<\/p>\n\n\n\n<h3 class=\"wp-block-heading\">Consejos para hacer la Tarta de Queso Perfecta<\/h3>\n\n\n\n<p>&#8211; <strong>Ingredientes a Temperatura Ambiente<\/strong>: Aseg\u00farate de que todos los ingredientes est\u00e9n a temperatura ambiente para una mezcla m\u00e1s homog\u00e9nea.<br>&#8211; <strong>Horneado a Ba\u00f1o Mar\u00eda:<\/strong> Hornear la tarta a ba\u00f1o mar\u00eda ayuda a mantener una textura suave y cremosa, evitando grietas en la superficie.<br>&#8211; <strong>Refrigeraci\u00f3n Adecuada<\/strong>: Deja enfriar la tarta a temperatura ambiente antes de refrigerarla durante al menos 4 horas para que alcance la consistencia ideal.<\/p>\n\n\n<div class=\"wp-block-image\">\n<figure class=\"alignright size-large is-resized\"><img decoding=\"async\" width=\"1024\" height=\"1011\" src=\"https:\/\/misspiruqueta.com\/wp-content\/uploads\/2024\/07\/unnamed-2-1024x1011.jpg\" alt=\"\" class=\"wp-image-158\" style=\"width:273px;height:auto\" srcset=\"https:\/\/misspiruqueta.com\/wp-content\/uploads\/2024\/07\/unnamed-2-1024x1011.jpg 1024w, https:\/\/misspiruqueta.com\/wp-content\/uploads\/2024\/07\/unnamed-2-300x296.jpg 300w, https:\/\/misspiruqueta.com\/wp-content\/uploads\/2024\/07\/unnamed-2-768x758.jpg 768w, https:\/\/misspiruqueta.com\/wp-content\/uploads\/2024\/07\/unnamed-2-61x60.jpg 61w, https:\/\/misspiruqueta.com\/wp-content\/uploads\/2024\/07\/unnamed-2.jpg 1242w\" sizes=\"(max-width: 1024px) 100vw, 1024px\" \/><\/figure><\/div>\n\n\n<p>El <strong>D\u00eda Mundial de la Tarta de Queso <\/strong>es una oportunidad perfecta para disfrutar de este postre cl\u00e1sico y explorar sus numerosas variaciones. Ya sea que prefieras la riqueza de una tarta de queso neoyorquina o la ligereza de una versi\u00f3n japonesa, hay una tarta de queso para cada paladar. \u00a1Celebra con nosotros y comparte tu amor por la tarta de queso en este d\u00eda tan especial!<\/p>\n\n\n\n<p>#D\u00edaMundialDeLaTartaDeQueso #Cheesecake #Postres #Gastronom\u00eda #RecetasDeTartaDeQueso #HistoriaDelCheesecake<\/p>\n","protected":false},"excerpt":{"rendered":"<p>Celebrando el D\u00eda Mundial de la Tarta de Queso: Un Viaje a Trav\u00e9s de Sabores y Tradiciones Hoy, 30 de julio, los amantes de la gastronom\u00eda en todo el mundo se unen para celebrar uno de los postres m\u00e1s emblem\u00e1ticos y vers\u00e1tiles: la tarta de queso. En este D\u00eda Mundial de la Tarta de Queso, &hellip; <\/p>\n","protected":false},"author":1,"featured_media":160,"comment_status":"open","ping_status":"open","sticky":false,"template":"","format":"standard","meta":{"footnotes":""},"categories":[48,10],"tags":[],"class_list":["post-157","post","type-post","status-publish","format-standard","has-post-thumbnail","hentry","category-curiosidades","category-gastronomia"],"yoast_head":"<!-- This site is optimized with the Yoast SEO plugin v26.4 - https:\/\/yoast.com\/wordpress\/plugins\/seo\/ -->\n<title>D\u00eda Mundial de la Tarta de Queso - Miss Piruqueta<\/title>\n<meta name=\"robots\" content=\"index, follow, max-snippet:-1, max-image-preview:large, max-video-preview:-1\" \/>\n<link rel=\"canonical\" href=\"https:\/\/misspiruqueta.com\/index.php\/2024\/07\/30\/dia-mundial-de-la-tarta-de-queso\/\" \/>\n<meta property=\"og:locale\" content=\"en_US\" \/>\n<meta property=\"og:type\" content=\"article\" \/>\n<meta property=\"og:title\" content=\"D\u00eda Mundial de la Tarta de Queso - Miss Piruqueta\" \/>\n<meta property=\"og:description\" content=\"Celebrando el D\u00eda Mundial de la Tarta de Queso: Un Viaje a Trav\u00e9s de Sabores y Tradiciones Hoy, 30 de julio, los amantes de la gastronom\u00eda en todo el mundo se unen para celebrar uno de los postres m\u00e1s emblem\u00e1ticos y vers\u00e1tiles: la tarta de queso. En este D\u00eda Mundial de la Tarta de Queso, &hellip;\" \/>\n<meta property=\"og:url\" content=\"https:\/\/misspiruqueta.com\/index.php\/2024\/07\/30\/dia-mundial-de-la-tarta-de-queso\/\" \/>\n<meta property=\"og:site_name\" content=\"Miss Piruqueta\" \/>\n<meta property=\"article:published_time\" content=\"2024-07-30T16:55:43+00:00\" \/>\n<meta property=\"article:modified_time\" content=\"2024-07-31T17:20:30+00:00\" \/>\n<meta property=\"og:image\" content=\"https:\/\/misspiruqueta.com\/wp-content\/uploads\/2024\/07\/unnamed.png\" \/>\n\t<meta property=\"og:image:width\" content=\"1080\" \/>\n\t<meta property=\"og:image:height\" content=\"1350\" \/>\n\t<meta property=\"og:image:type\" content=\"image\/png\" \/>\n<meta name=\"author\" content=\"misspiruqueta.com\" \/>\n<meta name=\"twitter:card\" content=\"summary_large_image\" \/>\n<meta name=\"twitter:label1\" content=\"Written by\" \/>\n\t<meta name=\"twitter:data1\" content=\"misspiruqueta.com\" \/>\n\t<meta name=\"twitter:label2\" content=\"Est. reading time\" \/>\n\t<meta name=\"twitter:data2\" content=\"3 minutes\" \/>\n<script type=\"application\/ld+json\" class=\"yoast-schema-graph\">{\"@context\":\"https:\/\/schema.org\",\"@graph\":[{\"@type\":\"Article\",\"@id\":\"https:\/\/misspiruqueta.com\/index.php\/2024\/07\/30\/dia-mundial-de-la-tarta-de-queso\/#article\",\"isPartOf\":{\"@id\":\"https:\/\/misspiruqueta.com\/index.php\/2024\/07\/30\/dia-mundial-de-la-tarta-de-queso\/\"},\"author\":{\"name\":\"misspiruqueta.com\",\"@id\":\"https:\/\/misspiruqueta.com\/#\/schema\/person\/be35d5cb8f510adf405b42aef70bed82\"},\"headline\":\"D\u00eda Mundial de la Tarta de Queso\",\"datePublished\":\"2024-07-30T16:55:43+00:00\",\"dateModified\":\"2024-07-31T17:20:30+00:00\",\"mainEntityOfPage\":{\"@id\":\"https:\/\/misspiruqueta.com\/index.php\/2024\/07\/30\/dia-mundial-de-la-tarta-de-queso\/\"},\"wordCount\":584,\"commentCount\":0,\"publisher\":{\"@id\":\"https:\/\/misspiruqueta.com\/#\/schema\/person\/be35d5cb8f510adf405b42aef70bed82\"},\"image\":{\"@id\":\"https:\/\/misspiruqueta.com\/index.php\/2024\/07\/30\/dia-mundial-de-la-tarta-de-queso\/#primaryimage\"},\"thumbnailUrl\":\"https:\/\/misspiruqueta.com\/wp-content\/uploads\/2024\/07\/unnamed.png\",\"articleSection\":[\"Alimentos y curiosidades\",\"Gastronom\u00eda\"],\"inLanguage\":\"en-US\",\"potentialAction\":[{\"@type\":\"CommentAction\",\"name\":\"Comment\",\"target\":[\"https:\/\/misspiruqueta.com\/index.php\/2024\/07\/30\/dia-mundial-de-la-tarta-de-queso\/#respond\"]}]},{\"@type\":\"WebPage\",\"@id\":\"https:\/\/misspiruqueta.com\/index.php\/2024\/07\/30\/dia-mundial-de-la-tarta-de-queso\/\",\"url\":\"https:\/\/misspiruqueta.com\/index.php\/2024\/07\/30\/dia-mundial-de-la-tarta-de-queso\/\",\"name\":\"D\u00eda Mundial de la Tarta de Queso - Miss Piruqueta\",\"isPartOf\":{\"@id\":\"https:\/\/misspiruqueta.com\/#website\"},\"primaryImageOfPage\":{\"@id\":\"https:\/\/misspiruqueta.com\/index.php\/2024\/07\/30\/dia-mundial-de-la-tarta-de-queso\/#primaryimage\"},\"image\":{\"@id\":\"https:\/\/misspiruqueta.com\/index.php\/2024\/07\/30\/dia-mundial-de-la-tarta-de-queso\/#primaryimage\"},\"thumbnailUrl\":\"https:\/\/misspiruqueta.com\/wp-content\/uploads\/2024\/07\/unnamed.png\",\"datePublished\":\"2024-07-30T16:55:43+00:00\",\"dateModified\":\"2024-07-31T17:20:30+00:00\",\"breadcrumb\":{\"@id\":\"https:\/\/misspiruqueta.com\/index.php\/2024\/07\/30\/dia-mundial-de-la-tarta-de-queso\/#breadcrumb\"},\"inLanguage\":\"en-US\",\"potentialAction\":[{\"@type\":\"ReadAction\",\"target\":[\"https:\/\/misspiruqueta.com\/index.php\/2024\/07\/30\/dia-mundial-de-la-tarta-de-queso\/\"]}]},{\"@type\":\"ImageObject\",\"inLanguage\":\"en-US\",\"@id\":\"https:\/\/misspiruqueta.com\/index.php\/2024\/07\/30\/dia-mundial-de-la-tarta-de-queso\/#primaryimage\",\"url\":\"https:\/\/misspiruqueta.com\/wp-content\/uploads\/2024\/07\/unnamed.png\",\"contentUrl\":\"https:\/\/misspiruqueta.com\/wp-content\/uploads\/2024\/07\/unnamed.png\",\"width\":1080,\"height\":1350,\"caption\":\"dia_mundial_tarta_queso\"},{\"@type\":\"BreadcrumbList\",\"@id\":\"https:\/\/misspiruqueta.com\/index.php\/2024\/07\/30\/dia-mundial-de-la-tarta-de-queso\/#breadcrumb\",\"itemListElement\":[{\"@type\":\"ListItem\",\"position\":1,\"name\":\"Home\",\"item\":\"https:\/\/misspiruqueta.com\/\"},{\"@type\":\"ListItem\",\"position\":2,\"name\":\"D\u00eda Mundial de la Tarta de Queso\"}]},{\"@type\":\"WebSite\",\"@id\":\"https:\/\/misspiruqueta.com\/#website\",\"url\":\"https:\/\/misspiruqueta.com\/\",\"name\":\"Miss Piruqueta\",\"description\":\"Recetas disfrutonas y gastronom\u00eda del mundo\",\"publisher\":{\"@id\":\"https:\/\/misspiruqueta.com\/#\/schema\/person\/be35d5cb8f510adf405b42aef70bed82\"},\"potentialAction\":[{\"@type\":\"SearchAction\",\"target\":{\"@type\":\"EntryPoint\",\"urlTemplate\":\"https:\/\/misspiruqueta.com\/?s={search_term_string}\"},\"query-input\":{\"@type\":\"PropertyValueSpecification\",\"valueRequired\":true,\"valueName\":\"search_term_string\"}}],\"inLanguage\":\"en-US\"},{\"@type\":[\"Person\",\"Organization\"],\"@id\":\"https:\/\/misspiruqueta.com\/#\/schema\/person\/be35d5cb8f510adf405b42aef70bed82\",\"name\":\"misspiruqueta.com\",\"image\":{\"@type\":\"ImageObject\",\"inLanguage\":\"en-US\",\"@id\":\"https:\/\/misspiruqueta.com\/#\/schema\/person\/image\/\",\"url\":\"https:\/\/misspiruqueta.com\/wp-content\/uploads\/2023\/10\/cropped-misspiruqueta.png\",\"contentUrl\":\"https:\/\/misspiruqueta.com\/wp-content\/uploads\/2023\/10\/cropped-misspiruqueta.png\",\"width\":498,\"height\":498,\"caption\":\"misspiruqueta.com\"},\"logo\":{\"@id\":\"https:\/\/misspiruqueta.com\/#\/schema\/person\/image\/\"},\"sameAs\":[\"http:\/\/misspiruqueta.com\"],\"url\":\"https:\/\/misspiruqueta.com\/index.php\/author\/misspiruqueta-com\/\"}]}<\/script>\n<!-- \/ Yoast SEO plugin. -->","yoast_head_json":{"title":"D\u00eda Mundial de la Tarta de Queso - Miss Piruqueta","robots":{"index":"index","follow":"follow","max-snippet":"max-snippet:-1","max-image-preview":"max-image-preview:large","max-video-preview":"max-video-preview:-1"},"canonical":"https:\/\/misspiruqueta.com\/index.php\/2024\/07\/30\/dia-mundial-de-la-tarta-de-queso\/","og_locale":"en_US","og_type":"article","og_title":"D\u00eda Mundial de la Tarta de Queso - Miss Piruqueta","og_description":"Celebrando el D\u00eda Mundial de la Tarta de Queso: Un Viaje a Trav\u00e9s de Sabores y Tradiciones Hoy, 30 de julio, los amantes de la gastronom\u00eda en todo el mundo se unen para celebrar uno de los postres m\u00e1s emblem\u00e1ticos y vers\u00e1tiles: la tarta de queso. En este D\u00eda Mundial de la Tarta de Queso, &hellip;","og_url":"https:\/\/misspiruqueta.com\/index.php\/2024\/07\/30\/dia-mundial-de-la-tarta-de-queso\/","og_site_name":"Miss Piruqueta","article_published_time":"2024-07-30T16:55:43+00:00","article_modified_time":"2024-07-31T17:20:30+00:00","og_image":[{"width":1080,"height":1350,"url":"https:\/\/misspiruqueta.com\/wp-content\/uploads\/2024\/07\/unnamed.png","type":"image\/png"}],"author":"misspiruqueta.com","twitter_card":"summary_large_image","twitter_misc":{"Written by":"misspiruqueta.com","Est. reading time":"3 minutes"},"schema":{"@context":"https:\/\/schema.org","@graph":[{"@type":"Article","@id":"https:\/\/misspiruqueta.com\/index.php\/2024\/07\/30\/dia-mundial-de-la-tarta-de-queso\/#article","isPartOf":{"@id":"https:\/\/misspiruqueta.com\/index.php\/2024\/07\/30\/dia-mundial-de-la-tarta-de-queso\/"},"author":{"name":"misspiruqueta.com","@id":"https:\/\/misspiruqueta.com\/#\/schema\/person\/be35d5cb8f510adf405b42aef70bed82"},"headline":"D\u00eda Mundial de la Tarta de Queso","datePublished":"2024-07-30T16:55:43+00:00","dateModified":"2024-07-31T17:20:30+00:00","mainEntityOfPage":{"@id":"https:\/\/misspiruqueta.com\/index.php\/2024\/07\/30\/dia-mundial-de-la-tarta-de-queso\/"},"wordCount":584,"commentCount":0,"publisher":{"@id":"https:\/\/misspiruqueta.com\/#\/schema\/person\/be35d5cb8f510adf405b42aef70bed82"},"image":{"@id":"https:\/\/misspiruqueta.com\/index.php\/2024\/07\/30\/dia-mundial-de-la-tarta-de-queso\/#primaryimage"},"thumbnailUrl":"https:\/\/misspiruqueta.com\/wp-content\/uploads\/2024\/07\/unnamed.png","articleSection":["Alimentos y curiosidades","Gastronom\u00eda"],"inLanguage":"en-US","potentialAction":[{"@type":"CommentAction","name":"Comment","target":["https:\/\/misspiruqueta.com\/index.php\/2024\/07\/30\/dia-mundial-de-la-tarta-de-queso\/#respond"]}]},{"@type":"WebPage","@id":"https:\/\/misspiruqueta.com\/index.php\/2024\/07\/30\/dia-mundial-de-la-tarta-de-queso\/","url":"https:\/\/misspiruqueta.com\/index.php\/2024\/07\/30\/dia-mundial-de-la-tarta-de-queso\/","name":"D\u00eda Mundial de la Tarta de Queso - Miss Piruqueta","isPartOf":{"@id":"https:\/\/misspiruqueta.com\/#website"},"primaryImageOfPage":{"@id":"https:\/\/misspiruqueta.com\/index.php\/2024\/07\/30\/dia-mundial-de-la-tarta-de-queso\/#primaryimage"},"image":{"@id":"https:\/\/misspiruqueta.com\/index.php\/2024\/07\/30\/dia-mundial-de-la-tarta-de-queso\/#primaryimage"},"thumbnailUrl":"https:\/\/misspiruqueta.com\/wp-content\/uploads\/2024\/07\/unnamed.png","datePublished":"2024-07-30T16:55:43+00:00","dateModified":"2024-07-31T17:20:30+00:00","breadcrumb":{"@id":"https:\/\/misspiruqueta.com\/index.php\/2024\/07\/30\/dia-mundial-de-la-tarta-de-queso\/#breadcrumb"},"inLanguage":"en-US","potentialAction":[{"@type":"ReadAction","target":["https:\/\/misspiruqueta.com\/index.php\/2024\/07\/30\/dia-mundial-de-la-tarta-de-queso\/"]}]},{"@type":"ImageObject","inLanguage":"en-US","@id":"https:\/\/misspiruqueta.com\/index.php\/2024\/07\/30\/dia-mundial-de-la-tarta-de-queso\/#primaryimage","url":"https:\/\/misspiruqueta.com\/wp-content\/uploads\/2024\/07\/unnamed.png","contentUrl":"https:\/\/misspiruqueta.com\/wp-content\/uploads\/2024\/07\/unnamed.png","width":1080,"height":1350,"caption":"dia_mundial_tarta_queso"},{"@type":"BreadcrumbList","@id":"https:\/\/misspiruqueta.com\/index.php\/2024\/07\/30\/dia-mundial-de-la-tarta-de-queso\/#breadcrumb","itemListElement":[{"@type":"ListItem","position":1,"name":"Home","item":"https:\/\/misspiruqueta.com\/"},{"@type":"ListItem","position":2,"name":"D\u00eda Mundial de la Tarta de Queso"}]},{"@type":"WebSite","@id":"https:\/\/misspiruqueta.com\/#website","url":"https:\/\/misspiruqueta.com\/","name":"Miss Piruqueta","description":"Recetas disfrutonas y gastronom\u00eda del mundo","publisher":{"@id":"https:\/\/misspiruqueta.com\/#\/schema\/person\/be35d5cb8f510adf405b42aef70bed82"},"potentialAction":[{"@type":"SearchAction","target":{"@type":"EntryPoint","urlTemplate":"https:\/\/misspiruqueta.com\/?s={search_term_string}"},"query-input":{"@type":"PropertyValueSpecification","valueRequired":true,"valueName":"search_term_string"}}],"inLanguage":"en-US"},{"@type":["Person","Organization"],"@id":"https:\/\/misspiruqueta.com\/#\/schema\/person\/be35d5cb8f510adf405b42aef70bed82","name":"misspiruqueta.com","image":{"@type":"ImageObject","inLanguage":"en-US","@id":"https:\/\/misspiruqueta.com\/#\/schema\/person\/image\/","url":"https:\/\/misspiruqueta.com\/wp-content\/uploads\/2023\/10\/cropped-misspiruqueta.png","contentUrl":"https:\/\/misspiruqueta.com\/wp-content\/uploads\/2023\/10\/cropped-misspiruqueta.png","width":498,"height":498,"caption":"misspiruqueta.com"},"logo":{"@id":"https:\/\/misspiruqueta.com\/#\/schema\/person\/image\/"},"sameAs":["http:\/\/misspiruqueta.com"],"url":"https:\/\/misspiruqueta.com\/index.php\/author\/misspiruqueta-com\/"}]}},"_links":{"self":[{"href":"https:\/\/misspiruqueta.com\/index.php\/wp-json\/wp\/v2\/posts\/157","targetHints":{"allow":["GET"]}}],"collection":[{"href":"https:\/\/misspiruqueta.com\/index.php\/wp-json\/wp\/v2\/posts"}],"about":[{"href":"https:\/\/misspiruqueta.com\/index.php\/wp-json\/wp\/v2\/types\/post"}],"author":[{"embeddable":true,"href":"https:\/\/misspiruqueta.com\/index.php\/wp-json\/wp\/v2\/users\/1"}],"replies":[{"embeddable":true,"href":"https:\/\/misspiruqueta.com\/index.php\/wp-json\/wp\/v2\/comments?post=157"}],"version-history":[{"count":1,"href":"https:\/\/misspiruqueta.com\/index.php\/wp-json\/wp\/v2\/posts\/157\/revisions"}],"predecessor-version":[{"id":161,"href":"https:\/\/misspiruqueta.com\/index.php\/wp-json\/wp\/v2\/posts\/157\/revisions\/161"}],"wp:featuredmedia":[{"embeddable":true,"href":"https:\/\/misspiruqueta.com\/index.php\/wp-json\/wp\/v2\/media\/160"}],"wp:attachment":[{"href":"https:\/\/misspiruqueta.com\/index.php\/wp-json\/wp\/v2\/media?parent=157"}],"wp:term":[{"taxonomy":"category","embeddable":true,"href":"https:\/\/misspiruqueta.com\/index.php\/wp-json\/wp\/v2\/categories?post=157"},{"taxonomy":"post_tag","embeddable":true,"href":"https:\/\/misspiruqueta.com\/index.php\/wp-json\/wp\/v2\/tags?post=157"}],"curies":[{"name":"wp","href":"https:\/\/api.w.org\/{rel}","templated":true}]}}