{"id":139,"date":"2024-06-12T12:17:08","date_gmt":"2024-06-12T10:17:08","guid":{"rendered":"https:\/\/misspiruqueta.com\/index.php\/2024\/06\/12\/frutas-y-verduras-de-temporada-en-junio-en-la-marina-baixa\/"},"modified":"2024-06-12T12:18:35","modified_gmt":"2024-06-12T10:18:35","slug":"frutas-y-verduras-de-temporada-en-junio-en-la-marina-baixa","status":"publish","type":"post","link":"https:\/\/misspiruqueta.com\/index.php\/2024\/06\/12\/frutas-y-verduras-de-temporada-en-junio-en-la-marina-baixa\/","title":{"rendered":"Frutas y Verduras de Temporada en Junio en la Marina Baixa"},"content":{"rendered":"\t\t<div data-elementor-type=\"wp-post\" data-elementor-id=\"139\" class=\"elementor elementor-139\">\n\t\t\t\t<div class=\"elementor-element elementor-element-3847df11 e-flex e-con-boxed e-con e-parent\" data-id=\"3847df11\" data-element_type=\"container\">\n\t\t\t\t\t<div class=\"e-con-inner\">\n\t\t\t\t<div class=\"elementor-element elementor-element-20ac96bd elementor-widget elementor-widget-text-editor\" data-id=\"20ac96bd\" data-element_type=\"widget\" data-widget_type=\"text-editor.default\">\n\t\t\t\t<div class=\"elementor-widget-container\">\n\t\t\t\t\t\t\t\t\t<h2>Frutas de Temporada en Junio en la Marina Baixa<\/h2><p>En la regi\u00f3n de la Marina Baixa, junio es un mes especial para disfrutar de una amplia variedad de frutas que alcanzan su punto \u00f3ptimo de maduraci\u00f3n gracias a las condiciones clim\u00e1ticas favorecedoras. Las temperaturas c\u00e1lidas y la abundante luz solar contribuyen a que estas frutas adquieran un sabor y una textura excepcionales, ideales para degustarlas frescas o en diversas preparaciones culinarias. Entre las frutas m\u00e1s destacadas de esta temporada se encuentran las cerezas, melocotones, albaricoques y fresas.<\/p><p>Las cerezas, con su color rojo intenso y sabor dulce, son una de las frutas m\u00e1s esperadas del mes de junio. Su textura jugosa y su equilibrio entre acidez y dulzura las convierten en un delicioso bocadillo por s\u00ed solas o en postres como tartas y compotas. Adem\u00e1s, son ricas en antioxidantes y vitaminas A y C, lo que las hace beneficiosas para la salud ocular y la piel.<\/p><p>El melocot\u00f3n es otra joya de la temporada. Con su piel aterciopelada y su pulpa jugosa y arom\u00e1tica, esta fruta es perfecta para consumir fresca, en ensaladas de frutas o incluso en platos salados como acompa\u00f1amiento de carnes. Los melocotones son una excelente fuente de vitamina C, potasio y fibra, contribuyendo a la salud digestiva y cardiovascular.<\/p><p>Los albaricoques, peque\u00f1os pero llenos de sabor, ofrecen un equilibrio perfecto entre dulzura y acidez. Son ideales para mermeladas, postres o simplemente como un tentempi\u00e9 saludable. Su alto contenido en vitamina A y antioxidantes los hace excelentes para la piel y la vista.<\/p><p>Por \u00faltimo, las fresas, con su vibrante color rojo y sabor dulce, son imprescindibles en junio. Son vers\u00e1tiles y se pueden disfrutar frescas, en batidos, ensaladas o como parte de postres. Las fresas son ricas en vitamina C y manganeso, esenciales para la salud inmunol\u00f3gica y \u00f3sea.<\/p><p>Para seleccionar las mejores frutas en el mercado local, es recomendable buscar aquellas que tengan un color vivo y uniforme, una textura firme pero no dura, y un aroma dulce y natural. Aprovecha la frescura y sabor de estas frutas de temporada en junio en la Marina Baixa y experimenta con recetas que resaltan sus cualidades naturales.<\/p><h2>Verduras de Temporada en Junio en la Marina Baixa<\/h2><p>En junio, la regi\u00f3n de la Marina Baixa ofrece una variedad de verduras frescas y de temporada, destacando especialmente los calabacines, pepinos, pimientos y tomates. Estas verduras no solo aportan un sabor excepcional a nuestras comidas, sino que tambi\u00e9n est\u00e1n llenas de propiedades nutricionales beneficiosas para la salud.<\/p><p>Los calabacines son una fuente excelente de vitamina C, potasio y fibra diet\u00e9tica. Su bajo contenido cal\u00f3rico los hace ideales para dietas saludables. Los pepinos, por su parte, est\u00e1n compuestos en su mayor\u00eda por agua, lo que los convierte en una opci\u00f3n refrescante y adecuada para mantenerse hidratado durante los meses m\u00e1s calurosos. Tambi\u00e9n son ricos en vitaminas K y B, as\u00ed como en antioxidantes.<\/p><p>Los pimientos, especialmente los rojos, son conocidos por su alto contenido en vitamina C y antioxidantes, que ayudan a fortalecer el sistema inmunol\u00f3gico y a combatir el envejecimiento celular. Los tomates, otro pilar de la cocina mediterr\u00e1nea, son ricos en licopeno, un antioxidante que ha demostrado tener propiedades anticancer\u00edgenas. Adem\u00e1s, aportan vitaminas A y C, as\u00ed como potasio y \u00e1cido f\u00f3lico.<\/p><p>Las condiciones clim\u00e1ticas de la Marina Baixa en junio, caracterizadas por un clima c\u00e1lido y soleado, son ideales para el cultivo de estas verduras. La combinaci\u00f3n de temperaturas elevadas y la adecuada exposici\u00f3n solar favorece el crecimiento y la maduraci\u00f3n de estos productos, garantizando su frescura y sabor inigualable.<\/p><p>Al seleccionar verduras frescas en el mercado local, es recomendable optar por aquellos ejemplares que presenten colores vivos y texturas firmes. Evite aquellos que muestren signos de marchitamiento o manchas oscuras. Tambi\u00e9n es aconsejable preguntar a los vendedores sobre el origen de los productos para asegurar que se trata de productos locales y de temporada.<\/p><p>Para aprovechar al m\u00e1ximo estas verduras de temporada, se pueden preparar recetas saludables y deliciosas como una ensalada de pepino y tomate, calabacines a la parrilla o un colorido pisto de pimientos. Adem\u00e1s de disfrutar de su sabor y beneficios nutricionales, consumir productos de temporada apoya la sostenibilidad y econom\u00eda local, reduciendo la huella de carbono asociada al transporte de alimentos y fomentando la agricultura regional.<\/p>\t\t\t\t\t\t\t\t<\/div>\n\t\t\t\t<\/div>\n\t\t\t\t\t<\/div>\n\t\t\t\t<\/div>\n\t\t\t\t<\/div>\n\t\t","protected":false},"excerpt":{"rendered":"<p>Frutas de Temporada en Junio en la Marina Baixa En la regi\u00f3n de la Marina Baixa, junio es un mes especial para disfrutar de una amplia variedad de frutas que alcanzan su punto \u00f3ptimo de maduraci\u00f3n gracias a las condiciones clim\u00e1ticas favorecedoras. Las temperaturas c\u00e1lidas y la abundante luz solar contribuyen a que estas frutas &hellip; <\/p>\n","protected":false},"author":1,"featured_media":76,"comment_status":"open","ping_status":"open","sticky":false,"template":"","format":"standard","meta":{"footnotes":""},"categories":[56],"tags":[57,59,58],"class_list":["post-139","post","type-post","status-publish","format-standard","has-post-thumbnail","hentry","category-gastronomia-y-salud","tag-frutas-de-temporada","tag-marina-baixa","tag-verduras-de-temporada"],"yoast_head":"<!-- This site is optimized with the Yoast SEO plugin v26.4 - https:\/\/yoast.com\/wordpress\/plugins\/seo\/ -->\n<title>Frutas y Verduras de Temporada en Junio en la Marina Baixa - Miss Piruqueta<\/title>\n<meta name=\"robots\" content=\"index, follow, max-snippet:-1, max-image-preview:large, max-video-preview:-1\" \/>\n<link rel=\"canonical\" href=\"https:\/\/misspiruqueta.com\/index.php\/2024\/06\/12\/frutas-y-verduras-de-temporada-en-junio-en-la-marina-baixa\/\" \/>\n<meta property=\"og:locale\" content=\"en_US\" \/>\n<meta property=\"og:type\" content=\"article\" \/>\n<meta property=\"og:title\" content=\"Frutas y Verduras de Temporada en Junio en la Marina Baixa - Miss Piruqueta\" \/>\n<meta property=\"og:description\" content=\"Frutas de Temporada en Junio en la Marina Baixa En la regi\u00f3n de la Marina Baixa, junio es un mes especial para disfrutar de una amplia variedad de frutas que alcanzan su punto \u00f3ptimo de maduraci\u00f3n gracias a las condiciones clim\u00e1ticas favorecedoras. Las temperaturas c\u00e1lidas y la abundante luz solar contribuyen a que estas frutas &hellip;\" \/>\n<meta property=\"og:url\" content=\"https:\/\/misspiruqueta.com\/index.php\/2024\/06\/12\/frutas-y-verduras-de-temporada-en-junio-en-la-marina-baixa\/\" \/>\n<meta property=\"og:site_name\" content=\"Miss Piruqueta\" \/>\n<meta property=\"article:published_time\" content=\"2024-06-12T10:17:08+00:00\" \/>\n<meta property=\"article:modified_time\" content=\"2024-06-12T10:18:35+00:00\" \/>\n<meta property=\"og:image\" content=\"https:\/\/misspiruqueta.com\/wp-content\/uploads\/2023\/11\/image-1699208383-scaled.jpg\" \/>\n\t<meta property=\"og:image:width\" content=\"1707\" \/>\n\t<meta property=\"og:image:height\" content=\"2560\" \/>\n\t<meta property=\"og:image:type\" content=\"image\/jpeg\" \/>\n<meta name=\"author\" content=\"misspiruqueta.com\" \/>\n<meta name=\"twitter:card\" content=\"summary_large_image\" \/>\n<meta name=\"twitter:label1\" content=\"Written by\" \/>\n\t<meta name=\"twitter:data1\" content=\"misspiruqueta.com\" \/>\n\t<meta name=\"twitter:label2\" content=\"Est. reading time\" \/>\n\t<meta name=\"twitter:data2\" content=\"4 minutes\" \/>\n<script type=\"application\/ld+json\" class=\"yoast-schema-graph\">{\"@context\":\"https:\/\/schema.org\",\"@graph\":[{\"@type\":\"Article\",\"@id\":\"https:\/\/misspiruqueta.com\/index.php\/2024\/06\/12\/frutas-y-verduras-de-temporada-en-junio-en-la-marina-baixa\/#article\",\"isPartOf\":{\"@id\":\"https:\/\/misspiruqueta.com\/index.php\/2024\/06\/12\/frutas-y-verduras-de-temporada-en-junio-en-la-marina-baixa\/\"},\"author\":{\"name\":\"misspiruqueta.com\",\"@id\":\"https:\/\/misspiruqueta.com\/#\/schema\/person\/be35d5cb8f510adf405b42aef70bed82\"},\"headline\":\"Frutas y Verduras de Temporada en Junio en la Marina Baixa\",\"datePublished\":\"2024-06-12T10:17:08+00:00\",\"dateModified\":\"2024-06-12T10:18:35+00:00\",\"mainEntityOfPage\":{\"@id\":\"https:\/\/misspiruqueta.com\/index.php\/2024\/06\/12\/frutas-y-verduras-de-temporada-en-junio-en-la-marina-baixa\/\"},\"wordCount\":761,\"commentCount\":0,\"publisher\":{\"@id\":\"https:\/\/misspiruqueta.com\/#\/schema\/person\/be35d5cb8f510adf405b42aef70bed82\"},\"image\":{\"@id\":\"https:\/\/misspiruqueta.com\/index.php\/2024\/06\/12\/frutas-y-verduras-de-temporada-en-junio-en-la-marina-baixa\/#primaryimage\"},\"thumbnailUrl\":\"https:\/\/misspiruqueta.com\/wp-content\/uploads\/2023\/11\/image-1699208383-scaled.jpg\",\"keywords\":[\"frutas de temporada\",\"Marina Baixa\",\"verduras de temporada\"],\"articleSection\":[\"Gastronom\u00eda y Salud\"],\"inLanguage\":\"en-US\",\"potentialAction\":[{\"@type\":\"CommentAction\",\"name\":\"Comment\",\"target\":[\"https:\/\/misspiruqueta.com\/index.php\/2024\/06\/12\/frutas-y-verduras-de-temporada-en-junio-en-la-marina-baixa\/#respond\"]}]},{\"@type\":\"WebPage\",\"@id\":\"https:\/\/misspiruqueta.com\/index.php\/2024\/06\/12\/frutas-y-verduras-de-temporada-en-junio-en-la-marina-baixa\/\",\"url\":\"https:\/\/misspiruqueta.com\/index.php\/2024\/06\/12\/frutas-y-verduras-de-temporada-en-junio-en-la-marina-baixa\/\",\"name\":\"Frutas y Verduras de Temporada en Junio en la Marina Baixa - Miss Piruqueta\",\"isPartOf\":{\"@id\":\"https:\/\/misspiruqueta.com\/#website\"},\"primaryImageOfPage\":{\"@id\":\"https:\/\/misspiruqueta.com\/index.php\/2024\/06\/12\/frutas-y-verduras-de-temporada-en-junio-en-la-marina-baixa\/#primaryimage\"},\"image\":{\"@id\":\"https:\/\/misspiruqueta.com\/index.php\/2024\/06\/12\/frutas-y-verduras-de-temporada-en-junio-en-la-marina-baixa\/#primaryimage\"},\"thumbnailUrl\":\"https:\/\/misspiruqueta.com\/wp-content\/uploads\/2023\/11\/image-1699208383-scaled.jpg\",\"datePublished\":\"2024-06-12T10:17:08+00:00\",\"dateModified\":\"2024-06-12T10:18:35+00:00\",\"breadcrumb\":{\"@id\":\"https:\/\/misspiruqueta.com\/index.php\/2024\/06\/12\/frutas-y-verduras-de-temporada-en-junio-en-la-marina-baixa\/#breadcrumb\"},\"inLanguage\":\"en-US\",\"potentialAction\":[{\"@type\":\"ReadAction\",\"target\":[\"https:\/\/misspiruqueta.com\/index.php\/2024\/06\/12\/frutas-y-verduras-de-temporada-en-junio-en-la-marina-baixa\/\"]}]},{\"@type\":\"ImageObject\",\"inLanguage\":\"en-US\",\"@id\":\"https:\/\/misspiruqueta.com\/index.php\/2024\/06\/12\/frutas-y-verduras-de-temporada-en-junio-en-la-marina-baixa\/#primaryimage\",\"url\":\"https:\/\/misspiruqueta.com\/wp-content\/uploads\/2023\/11\/image-1699208383-scaled.jpg\",\"contentUrl\":\"https:\/\/misspiruqueta.com\/wp-content\/uploads\/2023\/11\/image-1699208383-scaled.jpg\",\"width\":1707,\"height\":2560,\"caption\":\"Photo by Martin de Arriba on Desempaquetar\"},{\"@type\":\"BreadcrumbList\",\"@id\":\"https:\/\/misspiruqueta.com\/index.php\/2024\/06\/12\/frutas-y-verduras-de-temporada-en-junio-en-la-marina-baixa\/#breadcrumb\",\"itemListElement\":[{\"@type\":\"ListItem\",\"position\":1,\"name\":\"Home\",\"item\":\"https:\/\/misspiruqueta.com\/\"},{\"@type\":\"ListItem\",\"position\":2,\"name\":\"Frutas y Verduras de Temporada en Junio en la Marina Baixa\"}]},{\"@type\":\"WebSite\",\"@id\":\"https:\/\/misspiruqueta.com\/#website\",\"url\":\"https:\/\/misspiruqueta.com\/\",\"name\":\"Miss Piruqueta\",\"description\":\"Recetas disfrutonas y gastronom\u00eda del mundo\",\"publisher\":{\"@id\":\"https:\/\/misspiruqueta.com\/#\/schema\/person\/be35d5cb8f510adf405b42aef70bed82\"},\"potentialAction\":[{\"@type\":\"SearchAction\",\"target\":{\"@type\":\"EntryPoint\",\"urlTemplate\":\"https:\/\/misspiruqueta.com\/?s={search_term_string}\"},\"query-input\":{\"@type\":\"PropertyValueSpecification\",\"valueRequired\":true,\"valueName\":\"search_term_string\"}}],\"inLanguage\":\"en-US\"},{\"@type\":[\"Person\",\"Organization\"],\"@id\":\"https:\/\/misspiruqueta.com\/#\/schema\/person\/be35d5cb8f510adf405b42aef70bed82\",\"name\":\"misspiruqueta.com\",\"image\":{\"@type\":\"ImageObject\",\"inLanguage\":\"en-US\",\"@id\":\"https:\/\/misspiruqueta.com\/#\/schema\/person\/image\/\",\"url\":\"https:\/\/misspiruqueta.com\/wp-content\/uploads\/2023\/10\/cropped-misspiruqueta.png\",\"contentUrl\":\"https:\/\/misspiruqueta.com\/wp-content\/uploads\/2023\/10\/cropped-misspiruqueta.png\",\"width\":498,\"height\":498,\"caption\":\"misspiruqueta.com\"},\"logo\":{\"@id\":\"https:\/\/misspiruqueta.com\/#\/schema\/person\/image\/\"},\"sameAs\":[\"http:\/\/misspiruqueta.com\"],\"url\":\"https:\/\/misspiruqueta.com\/index.php\/author\/misspiruqueta-com\/\"}]}<\/script>\n<!-- \/ Yoast SEO plugin. -->","yoast_head_json":{"title":"Frutas y Verduras de Temporada en Junio en la Marina Baixa - Miss Piruqueta","robots":{"index":"index","follow":"follow","max-snippet":"max-snippet:-1","max-image-preview":"max-image-preview:large","max-video-preview":"max-video-preview:-1"},"canonical":"https:\/\/misspiruqueta.com\/index.php\/2024\/06\/12\/frutas-y-verduras-de-temporada-en-junio-en-la-marina-baixa\/","og_locale":"en_US","og_type":"article","og_title":"Frutas y Verduras de Temporada en Junio en la Marina Baixa - Miss Piruqueta","og_description":"Frutas de Temporada en Junio en la Marina Baixa En la regi\u00f3n de la Marina Baixa, junio es un mes especial para disfrutar de una amplia variedad de frutas que alcanzan su punto \u00f3ptimo de maduraci\u00f3n gracias a las condiciones clim\u00e1ticas favorecedoras. Las temperaturas c\u00e1lidas y la abundante luz solar contribuyen a que estas frutas &hellip;","og_url":"https:\/\/misspiruqueta.com\/index.php\/2024\/06\/12\/frutas-y-verduras-de-temporada-en-junio-en-la-marina-baixa\/","og_site_name":"Miss Piruqueta","article_published_time":"2024-06-12T10:17:08+00:00","article_modified_time":"2024-06-12T10:18:35+00:00","og_image":[{"width":1707,"height":2560,"url":"https:\/\/misspiruqueta.com\/wp-content\/uploads\/2023\/11\/image-1699208383-scaled.jpg","type":"image\/jpeg"}],"author":"misspiruqueta.com","twitter_card":"summary_large_image","twitter_misc":{"Written by":"misspiruqueta.com","Est. reading time":"4 minutes"},"schema":{"@context":"https:\/\/schema.org","@graph":[{"@type":"Article","@id":"https:\/\/misspiruqueta.com\/index.php\/2024\/06\/12\/frutas-y-verduras-de-temporada-en-junio-en-la-marina-baixa\/#article","isPartOf":{"@id":"https:\/\/misspiruqueta.com\/index.php\/2024\/06\/12\/frutas-y-verduras-de-temporada-en-junio-en-la-marina-baixa\/"},"author":{"name":"misspiruqueta.com","@id":"https:\/\/misspiruqueta.com\/#\/schema\/person\/be35d5cb8f510adf405b42aef70bed82"},"headline":"Frutas y Verduras de Temporada en Junio en la Marina Baixa","datePublished":"2024-06-12T10:17:08+00:00","dateModified":"2024-06-12T10:18:35+00:00","mainEntityOfPage":{"@id":"https:\/\/misspiruqueta.com\/index.php\/2024\/06\/12\/frutas-y-verduras-de-temporada-en-junio-en-la-marina-baixa\/"},"wordCount":761,"commentCount":0,"publisher":{"@id":"https:\/\/misspiruqueta.com\/#\/schema\/person\/be35d5cb8f510adf405b42aef70bed82"},"image":{"@id":"https:\/\/misspiruqueta.com\/index.php\/2024\/06\/12\/frutas-y-verduras-de-temporada-en-junio-en-la-marina-baixa\/#primaryimage"},"thumbnailUrl":"https:\/\/misspiruqueta.com\/wp-content\/uploads\/2023\/11\/image-1699208383-scaled.jpg","keywords":["frutas de temporada","Marina Baixa","verduras de temporada"],"articleSection":["Gastronom\u00eda y Salud"],"inLanguage":"en-US","potentialAction":[{"@type":"CommentAction","name":"Comment","target":["https:\/\/misspiruqueta.com\/index.php\/2024\/06\/12\/frutas-y-verduras-de-temporada-en-junio-en-la-marina-baixa\/#respond"]}]},{"@type":"WebPage","@id":"https:\/\/misspiruqueta.com\/index.php\/2024\/06\/12\/frutas-y-verduras-de-temporada-en-junio-en-la-marina-baixa\/","url":"https:\/\/misspiruqueta.com\/index.php\/2024\/06\/12\/frutas-y-verduras-de-temporada-en-junio-en-la-marina-baixa\/","name":"Frutas y Verduras de Temporada en Junio en la Marina Baixa - Miss Piruqueta","isPartOf":{"@id":"https:\/\/misspiruqueta.com\/#website"},"primaryImageOfPage":{"@id":"https:\/\/misspiruqueta.com\/index.php\/2024\/06\/12\/frutas-y-verduras-de-temporada-en-junio-en-la-marina-baixa\/#primaryimage"},"image":{"@id":"https:\/\/misspiruqueta.com\/index.php\/2024\/06\/12\/frutas-y-verduras-de-temporada-en-junio-en-la-marina-baixa\/#primaryimage"},"thumbnailUrl":"https:\/\/misspiruqueta.com\/wp-content\/uploads\/2023\/11\/image-1699208383-scaled.jpg","datePublished":"2024-06-12T10:17:08+00:00","dateModified":"2024-06-12T10:18:35+00:00","breadcrumb":{"@id":"https:\/\/misspiruqueta.com\/index.php\/2024\/06\/12\/frutas-y-verduras-de-temporada-en-junio-en-la-marina-baixa\/#breadcrumb"},"inLanguage":"en-US","potentialAction":[{"@type":"ReadAction","target":["https:\/\/misspiruqueta.com\/index.php\/2024\/06\/12\/frutas-y-verduras-de-temporada-en-junio-en-la-marina-baixa\/"]}]},{"@type":"ImageObject","inLanguage":"en-US","@id":"https:\/\/misspiruqueta.com\/index.php\/2024\/06\/12\/frutas-y-verduras-de-temporada-en-junio-en-la-marina-baixa\/#primaryimage","url":"https:\/\/misspiruqueta.com\/wp-content\/uploads\/2023\/11\/image-1699208383-scaled.jpg","contentUrl":"https:\/\/misspiruqueta.com\/wp-content\/uploads\/2023\/11\/image-1699208383-scaled.jpg","width":1707,"height":2560,"caption":"Photo by Martin de Arriba on Desempaquetar"},{"@type":"BreadcrumbList","@id":"https:\/\/misspiruqueta.com\/index.php\/2024\/06\/12\/frutas-y-verduras-de-temporada-en-junio-en-la-marina-baixa\/#breadcrumb","itemListElement":[{"@type":"ListItem","position":1,"name":"Home","item":"https:\/\/misspiruqueta.com\/"},{"@type":"ListItem","position":2,"name":"Frutas y Verduras de Temporada en Junio en la Marina Baixa"}]},{"@type":"WebSite","@id":"https:\/\/misspiruqueta.com\/#website","url":"https:\/\/misspiruqueta.com\/","name":"Miss Piruqueta","description":"Recetas disfrutonas y gastronom\u00eda del mundo","publisher":{"@id":"https:\/\/misspiruqueta.com\/#\/schema\/person\/be35d5cb8f510adf405b42aef70bed82"},"potentialAction":[{"@type":"SearchAction","target":{"@type":"EntryPoint","urlTemplate":"https:\/\/misspiruqueta.com\/?s={search_term_string}"},"query-input":{"@type":"PropertyValueSpecification","valueRequired":true,"valueName":"search_term_string"}}],"inLanguage":"en-US"},{"@type":["Person","Organization"],"@id":"https:\/\/misspiruqueta.com\/#\/schema\/person\/be35d5cb8f510adf405b42aef70bed82","name":"misspiruqueta.com","image":{"@type":"ImageObject","inLanguage":"en-US","@id":"https:\/\/misspiruqueta.com\/#\/schema\/person\/image\/","url":"https:\/\/misspiruqueta.com\/wp-content\/uploads\/2023\/10\/cropped-misspiruqueta.png","contentUrl":"https:\/\/misspiruqueta.com\/wp-content\/uploads\/2023\/10\/cropped-misspiruqueta.png","width":498,"height":498,"caption":"misspiruqueta.com"},"logo":{"@id":"https:\/\/misspiruqueta.com\/#\/schema\/person\/image\/"},"sameAs":["http:\/\/misspiruqueta.com"],"url":"https:\/\/misspiruqueta.com\/index.php\/author\/misspiruqueta-com\/"}]}},"_links":{"self":[{"href":"https:\/\/misspiruqueta.com\/index.php\/wp-json\/wp\/v2\/posts\/139","targetHints":{"allow":["GET"]}}],"collection":[{"href":"https:\/\/misspiruqueta.com\/index.php\/wp-json\/wp\/v2\/posts"}],"about":[{"href":"https:\/\/misspiruqueta.com\/index.php\/wp-json\/wp\/v2\/types\/post"}],"author":[{"embeddable":true,"href":"https:\/\/misspiruqueta.com\/index.php\/wp-json\/wp\/v2\/users\/1"}],"replies":[{"embeddable":true,"href":"https:\/\/misspiruqueta.com\/index.php\/wp-json\/wp\/v2\/comments?post=139"}],"version-history":[{"count":3,"href":"https:\/\/misspiruqueta.com\/index.php\/wp-json\/wp\/v2\/posts\/139\/revisions"}],"predecessor-version":[{"id":142,"href":"https:\/\/misspiruqueta.com\/index.php\/wp-json\/wp\/v2\/posts\/139\/revisions\/142"}],"wp:featuredmedia":[{"embeddable":true,"href":"https:\/\/misspiruqueta.com\/index.php\/wp-json\/wp\/v2\/media\/76"}],"wp:attachment":[{"href":"https:\/\/misspiruqueta.com\/index.php\/wp-json\/wp\/v2\/media?parent=139"}],"wp:term":[{"taxonomy":"category","embeddable":true,"href":"https:\/\/misspiruqueta.com\/index.php\/wp-json\/wp\/v2\/categories?post=139"},{"taxonomy":"post_tag","embeddable":true,"href":"https:\/\/misspiruqueta.com\/index.php\/wp-json\/wp\/v2\/tags?post=139"}],"curies":[{"name":"wp","href":"https:\/\/api.w.org\/{rel}","templated":true}]}}